{"id":9504,"date":"2016-03-30T13:46:00","date_gmt":"2016-03-30T13:46:00","guid":{"rendered":"https:\/\/www.cedem.me\/?p=9504"},"modified":"2022-03-30T06:34:11","modified_gmt":"2022-03-30T06:34:11","slug":"organizovan-seminar-crna-gora-u-procesu-evropskih-i-evroatlantskih-integracija","status":"publish","type":"post","link":"https:\/\/www.cedem.me\/en\/news\/organizovan-seminar-crna-gora-u-procesu-evropskih-i-evroatlantskih-integracija\/","title":{"rendered":"Organized seminar: Montenegro in the process of European and Euro-Atlantic integration"},"content":{"rendered":"\n<p><br>In collaboration with the German Hanns-Seidel Stiftung, in the period 28-29. March, in the hotel &#8220;Splendid&#8221; in Becici, CEDEM traditionally organized a seminar on the topic: Montenegro in the process of European and Euro-Atlantic integration.<\/p>\n\n\n\n<p>About 30 students of the Faculty of Political Science and the Faculty of Economics had the opportunity to expand their knowledge of European and Euro-Atlantic integration of Montenegro, to hear from renowned lecturers and key actors more about the negotiation process, political and economic aspects of accession and challenges. facing Montenegro. Students were also given the opportunity to compare the experiences of countries in the region with experts in these fields and participate in an interactive debate.<\/p>\n\n\n\n<p>The introductory speech at the seminar was given by Mr. Lutz Kober, Head of the Office of the Hanns Seidel Foundation for Serbia and Montenegro, and Nenad Koprivica, MA, Executive Director of CEDEM. On the first day, they taught Mr. Miodrag Radovi\u0107, Secretary of the Negotiating Group for Negotiations on Montenegro&#8217;s Accession to the European Union from the Ministry of Foreign Affairs and European Integration and prof. Dr. Gordana \u0110urovi\u0107, full professor at the Faculty of Economics in Podgorica, and on the second day they exhibited N.E. Kristijan Po\u0161a, Ambassador of Hungary to Montenegro, as well as Colonel Dr. Mehmedin Tahirovi\u0107 from the Ministry of Defense of Montenegro.<\/p>\n","protected":false},"excerpt":{"rendered":"<p>In collaboration with the German Hanns-Seidel Stiftung, in the period 28-29. March, in the hotel &#8220;Splendid&#8221; in Becici, CEDEM traditionally organized a seminar on the topic: Montenegro in the process of European and Euro-Atlantic integration. About 30 students of the Faculty of Political Science and the Faculty of Economics had the opportunity to expand their [&hellip;]<\/p>\n","protected":false},"author":1,"featured_media":9505,"comment_status":"closed","ping_status":"closed","sticky":false,"template":"","format":"standard","meta":{"_acf_changed":false,"footnotes":""},"categories":[94,163],"tags":[],"class_list":["post-9504","post","type-post","status-publish","format-standard","has-post-thumbnail","hentry","category-news","category-euro-atlantic-integration"],"acf":[],"yoast_head":"<!-- This site is optimized with the Yoast SEO plugin v23.9 - https:\/\/yoast.com\/wordpress\/plugins\/seo\/ -->\n<title>Organized seminar: Montenegro in the process of European and Euro-Atlantic integration - CEDEM<\/title>\n<meta name=\"robots\" content=\"index, follow, max-snippet:-1, max-image-preview:large, max-video-preview:-1\" \/>\n<link rel=\"canonical\" href=\"https:\/\/www.cedem.me\/en\/news\/organizovan-seminar-crna-gora-u-procesu-evropskih-i-evroatlantskih-integracija\/\" \/>\n<meta property=\"og:locale\" content=\"en_US\" \/>\n<meta property=\"og:type\" content=\"article\" \/>\n<meta property=\"og:title\" content=\"Organized seminar: Montenegro in the process of European and Euro-Atlantic integration - CEDEM\" \/>\n<meta property=\"og:description\" content=\"In collaboration with the German Hanns-Seidel Stiftung, in the period 28-29. March, in the hotel &#8220;Splendid&#8221; in Becici, CEDEM traditionally organized a seminar on the topic: Montenegro in the process of European and Euro-Atlantic integration. About 30 students of the Faculty of Political Science and the Faculty of Economics had the opportunity to expand their [&hellip;]\" \/>\n<meta property=\"og:url\" content=\"https:\/\/www.cedem.me\/en\/news\/organizovan-seminar-crna-gora-u-procesu-evropskih-i-evroatlantskih-integracija\/\" \/>\n<meta property=\"og:site_name\" content=\"CEDEM\" \/>\n<meta property=\"article:published_time\" content=\"2016-03-30T13:46:00+00:00\" \/>\n<meta property=\"article:modified_time\" content=\"2022-03-30T06:34:11+00:00\" \/>\n<meta property=\"og:image\" content=\"https:\/\/www.cedem.me\/wp-content\/uploads\/2021\/09\/seminar_Budva_sajt.jpg\" \/>\n\t<meta property=\"og:image:width\" content=\"403\" \/>\n\t<meta property=\"og:image:height\" content=\"251\" \/>\n\t<meta property=\"og:image:type\" content=\"image\/jpeg\" \/>\n<meta name=\"author\" content=\"admin\" \/>\n<meta name=\"twitter:card\" content=\"summary_large_image\" \/>\n<meta name=\"twitter:label1\" content=\"Written by\" \/>\n\t<meta name=\"twitter:data1\" content=\"admin\" \/>\n\t<meta name=\"twitter:label2\" content=\"Est. reading time\" \/>\n\t<meta name=\"twitter:data2\" content=\"1 minute\" \/>\n<script type=\"application\/ld+json\" class=\"yoast-schema-graph\">{\"@context\":\"https:\/\/schema.org\",\"@graph\":[{\"@type\":\"Article\",\"@id\":\"https:\/\/www.cedem.me\/en\/news\/organizovan-seminar-crna-gora-u-procesu-evropskih-i-evroatlantskih-integracija\/#article\",\"isPartOf\":{\"@id\":\"https:\/\/www.cedem.me\/en\/news\/organizovan-seminar-crna-gora-u-procesu-evropskih-i-evroatlantskih-integracija\/\"},\"author\":{\"name\":\"admin\",\"@id\":\"https:\/\/www.cedem.me\/#\/schema\/person\/ae074b6cc011aa533502f357c29f0261\"},\"headline\":\"Organized seminar: Montenegro in the process of European and Euro-Atlantic integration\",\"datePublished\":\"2016-03-30T13:46:00+00:00\",\"dateModified\":\"2022-03-30T06:34:11+00:00\",\"mainEntityOfPage\":{\"@id\":\"https:\/\/www.cedem.me\/en\/news\/organizovan-seminar-crna-gora-u-procesu-evropskih-i-evroatlantskih-integracija\/\"},\"wordCount\":233,\"publisher\":{\"@id\":\"https:\/\/www.cedem.me\/#organization\"},\"image\":{\"@id\":\"https:\/\/www.cedem.me\/en\/news\/organizovan-seminar-crna-gora-u-procesu-evropskih-i-evroatlantskih-integracija\/#primaryimage\"},\"thumbnailUrl\":\"https:\/\/www.cedem.me\/wp-content\/uploads\/2021\/09\/seminar_Budva_sajt.jpg\",\"articleSection\":[\"News\",\"News about Euro-Atlantic integration\"],\"inLanguage\":\"en-US\"},{\"@type\":\"WebPage\",\"@id\":\"https:\/\/www.cedem.me\/en\/news\/organizovan-seminar-crna-gora-u-procesu-evropskih-i-evroatlantskih-integracija\/\",\"url\":\"https:\/\/www.cedem.me\/en\/news\/organizovan-seminar-crna-gora-u-procesu-evropskih-i-evroatlantskih-integracija\/\",\"name\":\"Organized seminar: Montenegro in the process of European and Euro-Atlantic integration - CEDEM\",\"isPartOf\":{\"@id\":\"https:\/\/www.cedem.me\/#website\"},\"primaryImageOfPage\":{\"@id\":\"https:\/\/www.cedem.me\/en\/news\/organizovan-seminar-crna-gora-u-procesu-evropskih-i-evroatlantskih-integracija\/#primaryimage\"},\"image\":{\"@id\":\"https:\/\/www.cedem.me\/en\/news\/organizovan-seminar-crna-gora-u-procesu-evropskih-i-evroatlantskih-integracija\/#primaryimage\"},\"thumbnailUrl\":\"https:\/\/www.cedem.me\/wp-content\/uploads\/2021\/09\/seminar_Budva_sajt.jpg\",\"datePublished\":\"2016-03-30T13:46:00+00:00\",\"dateModified\":\"2022-03-30T06:34:11+00:00\",\"breadcrumb\":{\"@id\":\"https:\/\/www.cedem.me\/en\/news\/organizovan-seminar-crna-gora-u-procesu-evropskih-i-evroatlantskih-integracija\/#breadcrumb\"},\"inLanguage\":\"en-US\",\"potentialAction\":[{\"@type\":\"ReadAction\",\"target\":[\"https:\/\/www.cedem.me\/en\/news\/organizovan-seminar-crna-gora-u-procesu-evropskih-i-evroatlantskih-integracija\/\"]}]},{\"@type\":\"ImageObject\",\"inLanguage\":\"en-US\",\"@id\":\"https:\/\/www.cedem.me\/en\/news\/organizovan-seminar-crna-gora-u-procesu-evropskih-i-evroatlantskih-integracija\/#primaryimage\",\"url\":\"https:\/\/www.cedem.me\/wp-content\/uploads\/2021\/09\/seminar_Budva_sajt.jpg\",\"contentUrl\":\"https:\/\/www.cedem.me\/wp-content\/uploads\/2021\/09\/seminar_Budva_sajt.jpg\",\"width\":403,\"height\":251},{\"@type\":\"BreadcrumbList\",\"@id\":\"https:\/\/www.cedem.me\/en\/news\/organizovan-seminar-crna-gora-u-procesu-evropskih-i-evroatlantskih-integracija\/#breadcrumb\",\"itemListElement\":[{\"@type\":\"ListItem\",\"position\":1,\"name\":\"Home\",\"item\":\"https:\/\/www.cedem.me\/en\/\"},{\"@type\":\"ListItem\",\"position\":2,\"name\":\"Organized seminar: Montenegro in the process of European and Euro-Atlantic integration\"}]},{\"@type\":\"WebSite\",\"@id\":\"https:\/\/www.cedem.me\/#website\",\"url\":\"https:\/\/www.cedem.me\/\",\"name\":\"CEDEM\",\"description\":\"NVO\",\"publisher\":{\"@id\":\"https:\/\/www.cedem.me\/#organization\"},\"potentialAction\":[{\"@type\":\"SearchAction\",\"target\":{\"@type\":\"EntryPoint\",\"urlTemplate\":\"https:\/\/www.cedem.me\/?s={search_term_string}\"},\"query-input\":{\"@type\":\"PropertyValueSpecification\",\"valueRequired\":true,\"valueName\":\"search_term_string\"}}],\"inLanguage\":\"en-US\"},{\"@type\":\"Organization\",\"@id\":\"https:\/\/www.cedem.me\/#organization\",\"name\":\"CEDEM\",\"url\":\"https:\/\/www.cedem.me\/\",\"logo\":{\"@type\":\"ImageObject\",\"inLanguage\":\"en-US\",\"@id\":\"https:\/\/www.cedem.me\/#\/schema\/logo\/image\/\",\"url\":\"https:\/\/www.cedem.me\/wp-content\/uploads\/2022\/08\/CEDEM-logo-color-e1677500681828.png\",\"contentUrl\":\"https:\/\/www.cedem.me\/wp-content\/uploads\/2022\/08\/CEDEM-logo-color-e1677500681828.png\",\"width\":2000,\"height\":741,\"caption\":\"CEDEM\"},\"image\":{\"@id\":\"https:\/\/www.cedem.me\/#\/schema\/logo\/image\/\"}},{\"@type\":\"Person\",\"@id\":\"https:\/\/www.cedem.me\/#\/schema\/person\/ae074b6cc011aa533502f357c29f0261\",\"name\":\"admin\",\"image\":{\"@type\":\"ImageObject\",\"inLanguage\":\"en-US\",\"@id\":\"https:\/\/www.cedem.me\/#\/schema\/person\/image\/\",\"url\":\"https:\/\/secure.gravatar.com\/avatar\/097519bf71c2aa257209c73a8c71329229598f1734827bb07006f7972423e2f9?s=96&d=mm&r=g\",\"contentUrl\":\"https:\/\/secure.gravatar.com\/avatar\/097519bf71c2aa257209c73a8c71329229598f1734827bb07006f7972423e2f9?s=96&d=mm&r=g\",\"caption\":\"admin\"},\"sameAs\":[\"https:\/\/www.cedem.me\"],\"url\":\"https:\/\/www.cedem.me\/en\/author\/admin\/\"}]}<\/script>\n<!-- \/ Yoast SEO plugin. -->","yoast_head_json":{"title":"Organized seminar: Montenegro in the process of European and Euro-Atlantic integration - CEDEM","robots":{"index":"index","follow":"follow","max-snippet":"max-snippet:-1","max-image-preview":"max-image-preview:large","max-video-preview":"max-video-preview:-1"},"canonical":"https:\/\/www.cedem.me\/en\/news\/organizovan-seminar-crna-gora-u-procesu-evropskih-i-evroatlantskih-integracija\/","og_locale":"en_US","og_type":"article","og_title":"Organized seminar: Montenegro in the process of European and Euro-Atlantic integration - CEDEM","og_description":"In collaboration with the German Hanns-Seidel Stiftung, in the period 28-29. March, in the hotel &#8220;Splendid&#8221; in Becici, CEDEM traditionally organized a seminar on the topic: Montenegro in the process of European and Euro-Atlantic integration. About 30 students of the Faculty of Political Science and the Faculty of Economics had the opportunity to expand their [&hellip;]","og_url":"https:\/\/www.cedem.me\/en\/news\/organizovan-seminar-crna-gora-u-procesu-evropskih-i-evroatlantskih-integracija\/","og_site_name":"CEDEM","article_published_time":"2016-03-30T13:46:00+00:00","article_modified_time":"2022-03-30T06:34:11+00:00","og_image":[{"width":403,"height":251,"url":"https:\/\/www.cedem.me\/wp-content\/uploads\/2021\/09\/seminar_Budva_sajt.jpg","type":"image\/jpeg"}],"author":"admin","twitter_card":"summary_large_image","twitter_misc":{"Written by":"admin","Est. reading time":"1 minute"},"schema":{"@context":"https:\/\/schema.org","@graph":[{"@type":"Article","@id":"https:\/\/www.cedem.me\/en\/news\/organizovan-seminar-crna-gora-u-procesu-evropskih-i-evroatlantskih-integracija\/#article","isPartOf":{"@id":"https:\/\/www.cedem.me\/en\/news\/organizovan-seminar-crna-gora-u-procesu-evropskih-i-evroatlantskih-integracija\/"},"author":{"name":"admin","@id":"https:\/\/www.cedem.me\/#\/schema\/person\/ae074b6cc011aa533502f357c29f0261"},"headline":"Organized seminar: Montenegro in the process of European and Euro-Atlantic integration","datePublished":"2016-03-30T13:46:00+00:00","dateModified":"2022-03-30T06:34:11+00:00","mainEntityOfPage":{"@id":"https:\/\/www.cedem.me\/en\/news\/organizovan-seminar-crna-gora-u-procesu-evropskih-i-evroatlantskih-integracija\/"},"wordCount":233,"publisher":{"@id":"https:\/\/www.cedem.me\/#organization"},"image":{"@id":"https:\/\/www.cedem.me\/en\/news\/organizovan-seminar-crna-gora-u-procesu-evropskih-i-evroatlantskih-integracija\/#primaryimage"},"thumbnailUrl":"https:\/\/www.cedem.me\/wp-content\/uploads\/2021\/09\/seminar_Budva_sajt.jpg","articleSection":["News","News about Euro-Atlantic integration"],"inLanguage":"en-US"},{"@type":"WebPage","@id":"https:\/\/www.cedem.me\/en\/news\/organizovan-seminar-crna-gora-u-procesu-evropskih-i-evroatlantskih-integracija\/","url":"https:\/\/www.cedem.me\/en\/news\/organizovan-seminar-crna-gora-u-procesu-evropskih-i-evroatlantskih-integracija\/","name":"Organized seminar: Montenegro in the process of European and Euro-Atlantic integration - CEDEM","isPartOf":{"@id":"https:\/\/www.cedem.me\/#website"},"primaryImageOfPage":{"@id":"https:\/\/www.cedem.me\/en\/news\/organizovan-seminar-crna-gora-u-procesu-evropskih-i-evroatlantskih-integracija\/#primaryimage"},"image":{"@id":"https:\/\/www.cedem.me\/en\/news\/organizovan-seminar-crna-gora-u-procesu-evropskih-i-evroatlantskih-integracija\/#primaryimage"},"thumbnailUrl":"https:\/\/www.cedem.me\/wp-content\/uploads\/2021\/09\/seminar_Budva_sajt.jpg","datePublished":"2016-03-30T13:46:00+00:00","dateModified":"2022-03-30T06:34:11+00:00","breadcrumb":{"@id":"https:\/\/www.cedem.me\/en\/news\/organizovan-seminar-crna-gora-u-procesu-evropskih-i-evroatlantskih-integracija\/#breadcrumb"},"inLanguage":"en-US","potentialAction":[{"@type":"ReadAction","target":["https:\/\/www.cedem.me\/en\/news\/organizovan-seminar-crna-gora-u-procesu-evropskih-i-evroatlantskih-integracija\/"]}]},{"@type":"ImageObject","inLanguage":"en-US","@id":"https:\/\/www.cedem.me\/en\/news\/organizovan-seminar-crna-gora-u-procesu-evropskih-i-evroatlantskih-integracija\/#primaryimage","url":"https:\/\/www.cedem.me\/wp-content\/uploads\/2021\/09\/seminar_Budva_sajt.jpg","contentUrl":"https:\/\/www.cedem.me\/wp-content\/uploads\/2021\/09\/seminar_Budva_sajt.jpg","width":403,"height":251},{"@type":"BreadcrumbList","@id":"https:\/\/www.cedem.me\/en\/news\/organizovan-seminar-crna-gora-u-procesu-evropskih-i-evroatlantskih-integracija\/#breadcrumb","itemListElement":[{"@type":"ListItem","position":1,"name":"Home","item":"https:\/\/www.cedem.me\/en\/"},{"@type":"ListItem","position":2,"name":"Organized seminar: Montenegro in the process of European and Euro-Atlantic integration"}]},{"@type":"WebSite","@id":"https:\/\/www.cedem.me\/#website","url":"https:\/\/www.cedem.me\/","name":"CEDEM","description":"NVO","publisher":{"@id":"https:\/\/www.cedem.me\/#organization"},"potentialAction":[{"@type":"SearchAction","target":{"@type":"EntryPoint","urlTemplate":"https:\/\/www.cedem.me\/?s={search_term_string}"},"query-input":{"@type":"PropertyValueSpecification","valueRequired":true,"valueName":"search_term_string"}}],"inLanguage":"en-US"},{"@type":"Organization","@id":"https:\/\/www.cedem.me\/#organization","name":"CEDEM","url":"https:\/\/www.cedem.me\/","logo":{"@type":"ImageObject","inLanguage":"en-US","@id":"https:\/\/www.cedem.me\/#\/schema\/logo\/image\/","url":"https:\/\/www.cedem.me\/wp-content\/uploads\/2022\/08\/CEDEM-logo-color-e1677500681828.png","contentUrl":"https:\/\/www.cedem.me\/wp-content\/uploads\/2022\/08\/CEDEM-logo-color-e1677500681828.png","width":2000,"height":741,"caption":"CEDEM"},"image":{"@id":"https:\/\/www.cedem.me\/#\/schema\/logo\/image\/"}},{"@type":"Person","@id":"https:\/\/www.cedem.me\/#\/schema\/person\/ae074b6cc011aa533502f357c29f0261","name":"admin","image":{"@type":"ImageObject","inLanguage":"en-US","@id":"https:\/\/www.cedem.me\/#\/schema\/person\/image\/","url":"https:\/\/secure.gravatar.com\/avatar\/097519bf71c2aa257209c73a8c71329229598f1734827bb07006f7972423e2f9?s=96&d=mm&r=g","contentUrl":"https:\/\/secure.gravatar.com\/avatar\/097519bf71c2aa257209c73a8c71329229598f1734827bb07006f7972423e2f9?s=96&d=mm&r=g","caption":"admin"},"sameAs":["https:\/\/www.cedem.me"],"url":"https:\/\/www.cedem.me\/en\/author\/admin\/"}]}},"_links":{"self":[{"href":"https:\/\/www.cedem.me\/en\/wp-json\/wp\/v2\/posts\/9504","targetHints":{"allow":["GET"]}}],"collection":[{"href":"https:\/\/www.cedem.me\/en\/wp-json\/wp\/v2\/posts"}],"about":[{"href":"https:\/\/www.cedem.me\/en\/wp-json\/wp\/v2\/types\/post"}],"author":[{"embeddable":true,"href":"https:\/\/www.cedem.me\/en\/wp-json\/wp\/v2\/users\/1"}],"replies":[{"embeddable":true,"href":"https:\/\/www.cedem.me\/en\/wp-json\/wp\/v2\/comments?post=9504"}],"version-history":[{"count":2,"href":"https:\/\/www.cedem.me\/en\/wp-json\/wp\/v2\/posts\/9504\/revisions"}],"predecessor-version":[{"id":16065,"href":"https:\/\/www.cedem.me\/en\/wp-json\/wp\/v2\/posts\/9504\/revisions\/16065"}],"wp:featuredmedia":[{"embeddable":true,"href":"https:\/\/www.cedem.me\/en\/wp-json\/wp\/v2\/media\/9505"}],"wp:attachment":[{"href":"https:\/\/www.cedem.me\/en\/wp-json\/wp\/v2\/media?parent=9504"}],"wp:term":[{"taxonomy":"category","embeddable":true,"href":"https:\/\/www.cedem.me\/en\/wp-json\/wp\/v2\/categories?post=9504"},{"taxonomy":"post_tag","embeddable":true,"href":"https:\/\/www.cedem.me\/en\/wp-json\/wp\/v2\/tags?post=9504"}],"curies":[{"name":"wp","href":"https:\/\/api.w.org\/{rel}","templated":true}]}}