{"id":9060,"date":"2019-02-26T10:36:00","date_gmt":"2019-02-26T10:36:00","guid":{"rendered":"https:\/\/www.cedem.me\/?p=9060"},"modified":"2022-03-29T07:29:41","modified_gmt":"2022-03-29T07:29:41","slug":"odrzan-info-dan-o-medijaciji","status":"publish","type":"post","link":"https:\/\/www.cedem.me\/en\/news\/odrzan-info-dan-o-medijaciji\/","title":{"rendered":"Mediation Info Day held"},"content":{"rendered":"\n<div class=\"wp-block-image\"><figure class=\"aligncenter size-large\"><img fetchpriority=\"high\" decoding=\"async\" width=\"793\" height=\"561\" src=\"https:\/\/www.cedem.me\/wp-content\/uploads\/2021\/09\/Medijacija1212-1.png\" alt=\"\" class=\"wp-image-9062\" srcset=\"https:\/\/www.cedem.me\/wp-content\/uploads\/2021\/09\/Medijacija1212-1.png 793w, https:\/\/www.cedem.me\/wp-content\/uploads\/2021\/09\/Medijacija1212-1-300x212.png 300w, https:\/\/www.cedem.me\/wp-content\/uploads\/2021\/09\/Medijacija1212-1-768x543.png 768w\" sizes=\"(max-width: 793px) 100vw, 793px\" \/><figcaption>(Gra\u0111ani se informisali o&nbsp; vi\u0161estrukim benefitima medijacije. \u0160oping mol &#8220;Delta City&#8221;, Podgorica. Za vi\u0161e slika posjetiti na\u0161u Galeriju.)<\/figcaption><\/figure><\/div>\n\n\n\n<p>CEDEM organized the first in a series of #InfoDan on alternative ways of resolving disputes, with a special focus on mediation, within the project &#8220;Support to Improving the Transparency and Efficiency of the Montenegrin Judiciary&#8221; funded by the Ministry of Justice.<\/p>\n\n\n\n<p>In addition to the representatives of CEDEM, the citizens had the opportunity to get additional information directly from the mediator, Mr. Miodrag Novakovic and the representative of the Mediation Center of Montenegro.<\/p>\n\n\n\n<p><strong>CEDEM&#8217;s program manager, Ognjen Markovic, said at today&#8217;s presentation of the project that the implementation of alternative dispute resolution so far has yielded some results, but requires constant development and monitoring of implementation, given that judicial authorities do not make sufficient use of in alternative ways of resolving disputes and that the public is not sufficiently aware of the advantages of this institute.<\/strong><\/p>\n\n\n\n<p>This is evidenced by the results of the Mediation Survey conducted by CEDEM in 2013, which indicates that only \u00bc citizens know that a dispute can be resolved through mediation, without initiating court proceedings. What CEDEM will be working on over the next 12 months is also reducing the number of cases in the courts, which is one of the strategic goals in this area. &#8221; Markovic concluded.<\/p>\n","protected":false},"excerpt":{"rendered":"<p>CEDEM organized the first in a series of #InfoDan on alternative ways of resolving disputes, with a special focus on mediation, within the project &#8220;Support to Improving the Transparency and Efficiency of the Montenegrin Judiciary&#8221; funded by the Ministry of Justice. In addition to the representatives of CEDEM, the citizens had the opportunity to get [&hellip;]<\/p>\n","protected":false},"author":1,"featured_media":9061,"comment_status":"closed","ping_status":"closed","sticky":false,"template":"","format":"standard","meta":{"_acf_changed":false,"footnotes":""},"categories":[94,157],"tags":[],"class_list":["post-9060","post","type-post","status-publish","format-standard","has-post-thumbnail","hentry","category-news","category-rule-of-law"],"acf":[],"yoast_head":"<!-- This site is optimized with the Yoast SEO plugin v23.9 - https:\/\/yoast.com\/wordpress\/plugins\/seo\/ -->\n<title>Mediation Info Day held - CEDEM<\/title>\n<meta name=\"robots\" content=\"index, follow, max-snippet:-1, max-image-preview:large, max-video-preview:-1\" \/>\n<link rel=\"canonical\" href=\"https:\/\/www.cedem.me\/en\/news\/odrzan-info-dan-o-medijaciji\/\" \/>\n<meta property=\"og:locale\" content=\"en_US\" \/>\n<meta property=\"og:type\" content=\"article\" \/>\n<meta property=\"og:title\" content=\"Mediation Info Day held - CEDEM\" \/>\n<meta property=\"og:description\" content=\"CEDEM organized the first in a series of #InfoDan on alternative ways of resolving disputes, with a special focus on mediation, within the project &#8220;Support to Improving the Transparency and Efficiency of the Montenegrin Judiciary&#8221; funded by the Ministry of Justice. In addition to the representatives of CEDEM, the citizens had the opportunity to get [&hellip;]\" \/>\n<meta property=\"og:url\" content=\"https:\/\/www.cedem.me\/en\/news\/odrzan-info-dan-o-medijaciji\/\" \/>\n<meta property=\"og:site_name\" content=\"CEDEM\" \/>\n<meta property=\"article:published_time\" content=\"2019-02-26T10:36:00+00:00\" \/>\n<meta property=\"article:modified_time\" content=\"2022-03-29T07:29:41+00:00\" \/>\n<meta property=\"og:image\" content=\"https:\/\/www.cedem.me\/wp-content\/uploads\/2021\/09\/Medijacija1212.png\" \/>\n\t<meta property=\"og:image:width\" content=\"793\" \/>\n\t<meta property=\"og:image:height\" content=\"561\" \/>\n\t<meta property=\"og:image:type\" content=\"image\/png\" \/>\n<meta name=\"author\" content=\"admin\" \/>\n<meta name=\"twitter:card\" content=\"summary_large_image\" \/>\n<meta name=\"twitter:label1\" content=\"Written by\" \/>\n\t<meta name=\"twitter:data1\" content=\"admin\" \/>\n\t<meta name=\"twitter:label2\" content=\"Est. reading time\" \/>\n\t<meta name=\"twitter:data2\" content=\"1 minute\" \/>\n<script type=\"application\/ld+json\" class=\"yoast-schema-graph\">{\"@context\":\"https:\/\/schema.org\",\"@graph\":[{\"@type\":\"Article\",\"@id\":\"https:\/\/www.cedem.me\/en\/news\/odrzan-info-dan-o-medijaciji\/#article\",\"isPartOf\":{\"@id\":\"https:\/\/www.cedem.me\/en\/news\/odrzan-info-dan-o-medijaciji\/\"},\"author\":{\"name\":\"admin\",\"@id\":\"https:\/\/www.cedem.me\/#\/schema\/person\/ae074b6cc011aa533502f357c29f0261\"},\"headline\":\"Mediation Info Day held\",\"datePublished\":\"2019-02-26T10:36:00+00:00\",\"dateModified\":\"2022-03-29T07:29:41+00:00\",\"mainEntityOfPage\":{\"@id\":\"https:\/\/www.cedem.me\/en\/news\/odrzan-info-dan-o-medijaciji\/\"},\"wordCount\":229,\"publisher\":{\"@id\":\"https:\/\/www.cedem.me\/#organization\"},\"image\":{\"@id\":\"https:\/\/www.cedem.me\/en\/news\/odrzan-info-dan-o-medijaciji\/#primaryimage\"},\"thumbnailUrl\":\"https:\/\/www.cedem.me\/wp-content\/uploads\/2021\/09\/Medijacija1212.png\",\"articleSection\":[\"News\",\"News about rule of law\"],\"inLanguage\":\"en-US\"},{\"@type\":\"WebPage\",\"@id\":\"https:\/\/www.cedem.me\/en\/news\/odrzan-info-dan-o-medijaciji\/\",\"url\":\"https:\/\/www.cedem.me\/en\/news\/odrzan-info-dan-o-medijaciji\/\",\"name\":\"Mediation Info Day held - CEDEM\",\"isPartOf\":{\"@id\":\"https:\/\/www.cedem.me\/#website\"},\"primaryImageOfPage\":{\"@id\":\"https:\/\/www.cedem.me\/en\/news\/odrzan-info-dan-o-medijaciji\/#primaryimage\"},\"image\":{\"@id\":\"https:\/\/www.cedem.me\/en\/news\/odrzan-info-dan-o-medijaciji\/#primaryimage\"},\"thumbnailUrl\":\"https:\/\/www.cedem.me\/wp-content\/uploads\/2021\/09\/Medijacija1212.png\",\"datePublished\":\"2019-02-26T10:36:00+00:00\",\"dateModified\":\"2022-03-29T07:29:41+00:00\",\"breadcrumb\":{\"@id\":\"https:\/\/www.cedem.me\/en\/news\/odrzan-info-dan-o-medijaciji\/#breadcrumb\"},\"inLanguage\":\"en-US\",\"potentialAction\":[{\"@type\":\"ReadAction\",\"target\":[\"https:\/\/www.cedem.me\/en\/news\/odrzan-info-dan-o-medijaciji\/\"]}]},{\"@type\":\"ImageObject\",\"inLanguage\":\"en-US\",\"@id\":\"https:\/\/www.cedem.me\/en\/news\/odrzan-info-dan-o-medijaciji\/#primaryimage\",\"url\":\"https:\/\/www.cedem.me\/wp-content\/uploads\/2021\/09\/Medijacija1212.png\",\"contentUrl\":\"https:\/\/www.cedem.me\/wp-content\/uploads\/2021\/09\/Medijacija1212.png\",\"width\":793,\"height\":561},{\"@type\":\"BreadcrumbList\",\"@id\":\"https:\/\/www.cedem.me\/en\/news\/odrzan-info-dan-o-medijaciji\/#breadcrumb\",\"itemListElement\":[{\"@type\":\"ListItem\",\"position\":1,\"name\":\"Home\",\"item\":\"https:\/\/www.cedem.me\/en\/\"},{\"@type\":\"ListItem\",\"position\":2,\"name\":\"Mediation Info Day held\"}]},{\"@type\":\"WebSite\",\"@id\":\"https:\/\/www.cedem.me\/#website\",\"url\":\"https:\/\/www.cedem.me\/\",\"name\":\"CEDEM\",\"description\":\"NVO\",\"publisher\":{\"@id\":\"https:\/\/www.cedem.me\/#organization\"},\"potentialAction\":[{\"@type\":\"SearchAction\",\"target\":{\"@type\":\"EntryPoint\",\"urlTemplate\":\"https:\/\/www.cedem.me\/?s={search_term_string}\"},\"query-input\":{\"@type\":\"PropertyValueSpecification\",\"valueRequired\":true,\"valueName\":\"search_term_string\"}}],\"inLanguage\":\"en-US\"},{\"@type\":\"Organization\",\"@id\":\"https:\/\/www.cedem.me\/#organization\",\"name\":\"CEDEM\",\"url\":\"https:\/\/www.cedem.me\/\",\"logo\":{\"@type\":\"ImageObject\",\"inLanguage\":\"en-US\",\"@id\":\"https:\/\/www.cedem.me\/#\/schema\/logo\/image\/\",\"url\":\"https:\/\/www.cedem.me\/wp-content\/uploads\/2022\/08\/CEDEM-logo-color-e1677500681828.png\",\"contentUrl\":\"https:\/\/www.cedem.me\/wp-content\/uploads\/2022\/08\/CEDEM-logo-color-e1677500681828.png\",\"width\":2000,\"height\":741,\"caption\":\"CEDEM\"},\"image\":{\"@id\":\"https:\/\/www.cedem.me\/#\/schema\/logo\/image\/\"}},{\"@type\":\"Person\",\"@id\":\"https:\/\/www.cedem.me\/#\/schema\/person\/ae074b6cc011aa533502f357c29f0261\",\"name\":\"admin\",\"image\":{\"@type\":\"ImageObject\",\"inLanguage\":\"en-US\",\"@id\":\"https:\/\/www.cedem.me\/#\/schema\/person\/image\/\",\"url\":\"https:\/\/secure.gravatar.com\/avatar\/097519bf71c2aa257209c73a8c71329229598f1734827bb07006f7972423e2f9?s=96&d=mm&r=g\",\"contentUrl\":\"https:\/\/secure.gravatar.com\/avatar\/097519bf71c2aa257209c73a8c71329229598f1734827bb07006f7972423e2f9?s=96&d=mm&r=g\",\"caption\":\"admin\"},\"sameAs\":[\"https:\/\/www.cedem.me\"],\"url\":\"https:\/\/www.cedem.me\/en\/author\/admin\/\"}]}<\/script>\n<!-- \/ Yoast SEO plugin. -->","yoast_head_json":{"title":"Mediation Info Day held - CEDEM","robots":{"index":"index","follow":"follow","max-snippet":"max-snippet:-1","max-image-preview":"max-image-preview:large","max-video-preview":"max-video-preview:-1"},"canonical":"https:\/\/www.cedem.me\/en\/news\/odrzan-info-dan-o-medijaciji\/","og_locale":"en_US","og_type":"article","og_title":"Mediation Info Day held - CEDEM","og_description":"CEDEM organized the first in a series of #InfoDan on alternative ways of resolving disputes, with a special focus on mediation, within the project &#8220;Support to Improving the Transparency and Efficiency of the Montenegrin Judiciary&#8221; funded by the Ministry of Justice. In addition to the representatives of CEDEM, the citizens had the opportunity to get [&hellip;]","og_url":"https:\/\/www.cedem.me\/en\/news\/odrzan-info-dan-o-medijaciji\/","og_site_name":"CEDEM","article_published_time":"2019-02-26T10:36:00+00:00","article_modified_time":"2022-03-29T07:29:41+00:00","og_image":[{"width":793,"height":561,"url":"https:\/\/www.cedem.me\/wp-content\/uploads\/2021\/09\/Medijacija1212.png","type":"image\/png"}],"author":"admin","twitter_card":"summary_large_image","twitter_misc":{"Written by":"admin","Est. reading time":"1 minute"},"schema":{"@context":"https:\/\/schema.org","@graph":[{"@type":"Article","@id":"https:\/\/www.cedem.me\/en\/news\/odrzan-info-dan-o-medijaciji\/#article","isPartOf":{"@id":"https:\/\/www.cedem.me\/en\/news\/odrzan-info-dan-o-medijaciji\/"},"author":{"name":"admin","@id":"https:\/\/www.cedem.me\/#\/schema\/person\/ae074b6cc011aa533502f357c29f0261"},"headline":"Mediation Info Day held","datePublished":"2019-02-26T10:36:00+00:00","dateModified":"2022-03-29T07:29:41+00:00","mainEntityOfPage":{"@id":"https:\/\/www.cedem.me\/en\/news\/odrzan-info-dan-o-medijaciji\/"},"wordCount":229,"publisher":{"@id":"https:\/\/www.cedem.me\/#organization"},"image":{"@id":"https:\/\/www.cedem.me\/en\/news\/odrzan-info-dan-o-medijaciji\/#primaryimage"},"thumbnailUrl":"https:\/\/www.cedem.me\/wp-content\/uploads\/2021\/09\/Medijacija1212.png","articleSection":["News","News about rule of law"],"inLanguage":"en-US"},{"@type":"WebPage","@id":"https:\/\/www.cedem.me\/en\/news\/odrzan-info-dan-o-medijaciji\/","url":"https:\/\/www.cedem.me\/en\/news\/odrzan-info-dan-o-medijaciji\/","name":"Mediation Info Day held - CEDEM","isPartOf":{"@id":"https:\/\/www.cedem.me\/#website"},"primaryImageOfPage":{"@id":"https:\/\/www.cedem.me\/en\/news\/odrzan-info-dan-o-medijaciji\/#primaryimage"},"image":{"@id":"https:\/\/www.cedem.me\/en\/news\/odrzan-info-dan-o-medijaciji\/#primaryimage"},"thumbnailUrl":"https:\/\/www.cedem.me\/wp-content\/uploads\/2021\/09\/Medijacija1212.png","datePublished":"2019-02-26T10:36:00+00:00","dateModified":"2022-03-29T07:29:41+00:00","breadcrumb":{"@id":"https:\/\/www.cedem.me\/en\/news\/odrzan-info-dan-o-medijaciji\/#breadcrumb"},"inLanguage":"en-US","potentialAction":[{"@type":"ReadAction","target":["https:\/\/www.cedem.me\/en\/news\/odrzan-info-dan-o-medijaciji\/"]}]},{"@type":"ImageObject","inLanguage":"en-US","@id":"https:\/\/www.cedem.me\/en\/news\/odrzan-info-dan-o-medijaciji\/#primaryimage","url":"https:\/\/www.cedem.me\/wp-content\/uploads\/2021\/09\/Medijacija1212.png","contentUrl":"https:\/\/www.cedem.me\/wp-content\/uploads\/2021\/09\/Medijacija1212.png","width":793,"height":561},{"@type":"BreadcrumbList","@id":"https:\/\/www.cedem.me\/en\/news\/odrzan-info-dan-o-medijaciji\/#breadcrumb","itemListElement":[{"@type":"ListItem","position":1,"name":"Home","item":"https:\/\/www.cedem.me\/en\/"},{"@type":"ListItem","position":2,"name":"Mediation Info Day held"}]},{"@type":"WebSite","@id":"https:\/\/www.cedem.me\/#website","url":"https:\/\/www.cedem.me\/","name":"CEDEM","description":"NVO","publisher":{"@id":"https:\/\/www.cedem.me\/#organization"},"potentialAction":[{"@type":"SearchAction","target":{"@type":"EntryPoint","urlTemplate":"https:\/\/www.cedem.me\/?s={search_term_string}"},"query-input":{"@type":"PropertyValueSpecification","valueRequired":true,"valueName":"search_term_string"}}],"inLanguage":"en-US"},{"@type":"Organization","@id":"https:\/\/www.cedem.me\/#organization","name":"CEDEM","url":"https:\/\/www.cedem.me\/","logo":{"@type":"ImageObject","inLanguage":"en-US","@id":"https:\/\/www.cedem.me\/#\/schema\/logo\/image\/","url":"https:\/\/www.cedem.me\/wp-content\/uploads\/2022\/08\/CEDEM-logo-color-e1677500681828.png","contentUrl":"https:\/\/www.cedem.me\/wp-content\/uploads\/2022\/08\/CEDEM-logo-color-e1677500681828.png","width":2000,"height":741,"caption":"CEDEM"},"image":{"@id":"https:\/\/www.cedem.me\/#\/schema\/logo\/image\/"}},{"@type":"Person","@id":"https:\/\/www.cedem.me\/#\/schema\/person\/ae074b6cc011aa533502f357c29f0261","name":"admin","image":{"@type":"ImageObject","inLanguage":"en-US","@id":"https:\/\/www.cedem.me\/#\/schema\/person\/image\/","url":"https:\/\/secure.gravatar.com\/avatar\/097519bf71c2aa257209c73a8c71329229598f1734827bb07006f7972423e2f9?s=96&d=mm&r=g","contentUrl":"https:\/\/secure.gravatar.com\/avatar\/097519bf71c2aa257209c73a8c71329229598f1734827bb07006f7972423e2f9?s=96&d=mm&r=g","caption":"admin"},"sameAs":["https:\/\/www.cedem.me"],"url":"https:\/\/www.cedem.me\/en\/author\/admin\/"}]}},"_links":{"self":[{"href":"https:\/\/www.cedem.me\/en\/wp-json\/wp\/v2\/posts\/9060","targetHints":{"allow":["GET"]}}],"collection":[{"href":"https:\/\/www.cedem.me\/en\/wp-json\/wp\/v2\/posts"}],"about":[{"href":"https:\/\/www.cedem.me\/en\/wp-json\/wp\/v2\/types\/post"}],"author":[{"embeddable":true,"href":"https:\/\/www.cedem.me\/en\/wp-json\/wp\/v2\/users\/1"}],"replies":[{"embeddable":true,"href":"https:\/\/www.cedem.me\/en\/wp-json\/wp\/v2\/comments?post=9060"}],"version-history":[{"count":2,"href":"https:\/\/www.cedem.me\/en\/wp-json\/wp\/v2\/posts\/9060\/revisions"}],"predecessor-version":[{"id":15723,"href":"https:\/\/www.cedem.me\/en\/wp-json\/wp\/v2\/posts\/9060\/revisions\/15723"}],"wp:featuredmedia":[{"embeddable":true,"href":"https:\/\/www.cedem.me\/en\/wp-json\/wp\/v2\/media\/9061"}],"wp:attachment":[{"href":"https:\/\/www.cedem.me\/en\/wp-json\/wp\/v2\/media?parent=9060"}],"wp:term":[{"taxonomy":"category","embeddable":true,"href":"https:\/\/www.cedem.me\/en\/wp-json\/wp\/v2\/categories?post=9060"},{"taxonomy":"post_tag","embeddable":true,"href":"https:\/\/www.cedem.me\/en\/wp-json\/wp\/v2\/tags?post=9060"}],"curies":[{"name":"wp","href":"https:\/\/api.w.org\/{rel}","templated":true}]}}