{"id":8865,"date":"2019-10-15T09:33:00","date_gmt":"2019-10-15T09:33:00","guid":{"rendered":"https:\/\/www.cedem.me\/?p=8865"},"modified":"2022-03-28T10:19:44","modified_gmt":"2022-03-28T10:19:44","slug":"cedem-organizovao-panel-diskusiju-u-niksicu-dijalog-sa-gradanima-pricajmo-o-cinjenicama","status":"publish","type":"post","link":"https:\/\/www.cedem.me\/en\/news\/cedem-organizovao-panel-diskusiju-u-niksicu-dijalog-sa-gradanima-pricajmo-o-cinjenicama\/","title":{"rendered":"CEDEM organized a panel discussion in Nik\u0161i\u0107 &#8220;Dialogue with citizens: Let&#8217;s talk about the facts&#8221;"},"content":{"rendered":"\n<div class=\"wp-block-image\"><figure class=\"aligncenter size-large\"><img fetchpriority=\"high\" decoding=\"async\" width=\"1024\" height=\"768\" src=\"https:\/\/www.cedem.me\/wp-content\/uploads\/2021\/09\/NK1-1-1024x768.jpg\" alt=\"\" class=\"wp-image-8867\" srcset=\"https:\/\/www.cedem.me\/wp-content\/uploads\/2021\/09\/NK1-1-1024x768.jpg 1024w, https:\/\/www.cedem.me\/wp-content\/uploads\/2021\/09\/NK1-1-300x225.jpg 300w, https:\/\/www.cedem.me\/wp-content\/uploads\/2021\/09\/NK1-1-768x576.jpg 768w, https:\/\/www.cedem.me\/wp-content\/uploads\/2021\/09\/NK1-1-1536x1152.jpg 1536w, https:\/\/www.cedem.me\/wp-content\/uploads\/2021\/09\/NK1-1.jpg 1600w\" sizes=\"(max-width: 1024px) 100vw, 1024px\" \/><figcaption>(Detalj tokom druge panel diskusije na kojoj se diskutovalo o pregovara\u010dkom poglavlju 26- Obrazovanje i kultura. Za vi\u0161e slika posjetiti na\u0161u Galeriju.)<\/figcaption><\/figure><\/div>\n\n\n\n<p>The Center for Democracy and Human Rights (CEDEM) held the second in a series of panel discussions in the municipality of Niksic within the project &#8220;Education and Dialogue to the EU&#8221;, which was financially supported by the Ministry of Public Administration of Montenegro.<\/p>\n\n\n\n<p>This panel discussion continued the implementation of the activity &#8220;Dialogue with Citizens: Let&#8217;s talk about the facts&#8221;, which seeks to contribute to the process of European integration by raising awareness, understanding and knowledge of European integration, future membership and functioning of the EU. As the respective activity was realized in Nik\u0161i\u0107, and taking into account numerous educational institutions and institutions located in this municipality, the panel discussed the negotiating chapter 26 &#8211; Education and Culture. The purpose of the panel discussion was to strengthen dialogue and cooperation between the civil sector, state bodies \/ institutions and citizens, which is one of the goals to be achieved by implementing this project.<\/p>\n\n\n\n<p>By organizing this panel, the positive practice of raising awareness of young people about the principle of lifelong learning and mobility promoted through the European Union program, within which young people in Montenegro have the opportunity to apply and participate, continues. Ms. Mubera Kurpejovi\u0107, Head of the Working Group for Chapter 26 and Director General of the Directorate for Higher Education in the Ministry of Education of Montenegro, referring to high school students, mentioned scholarships from United World Colleges where the scholarship does not require additional costs in terms of participation in tuition. United World Colleges. Kurpejovi\u0107 added that the obtained diploma is internationally recognized and that it provides the possibility of further training at prestigious faculties and other educational institutions.<\/p>\n\n\n\n<p><em><strong>Ms. Nikolina Radulovi\u0107, expert associate of the Office for International Cooperation at the Rectorate of the University of Montenegro, pointed out that through numerous EU programs such as Tempus and Erasmus + contributed to the internationalization of the University. She also pointed out that students currently have the opportunity to apply for 32 competitions, within which there are places for 93 students and 107 places for teaching staff.<\/strong><\/em><\/p>\n\n\n\n<p><em><strong>Ms. Ljiljana Gogi\u0107, associate from the national Erasmus + office, said that students and teaching staff were enabled to spend part of their education and training at one of the foreign universities, which is certainly an incentive for further study and work. She concluded her presentation by stating that all individuals participating in the exchange are becoming more innovative and creative, finding and solving problems that our higher education system is facing. After the presentation, a discussion was opened where young people expressed special interest in the countries covered by the Erasmus + program, as well as more detailed information on the benefits offered by this program.<\/strong><\/em><\/p>\n\n\n\n<p>The last event within the activity &#8220;Dialogue with the citizens: Let&#8217;s talk about the facts&#8221; will be organized in the municipality of Bar and will be dedicated to the negotiating chapter 29 &#8211; Customs Union.<\/p>\n","protected":false},"excerpt":{"rendered":"<p>The Center for Democracy and Human Rights (CEDEM) held the second in a series of panel discussions in the municipality of Niksic within the project &#8220;Education and Dialogue to the EU&#8221;, which was financially supported by the Ministry of Public Administration of Montenegro. This panel discussion continued the implementation of the activity &#8220;Dialogue with Citizens: [&hellip;]<\/p>\n","protected":false},"author":1,"featured_media":8866,"comment_status":"closed","ping_status":"closed","sticky":false,"template":"","format":"standard","meta":{"_acf_changed":false,"footnotes":""},"categories":[94,163],"tags":[],"class_list":["post-8865","post","type-post","status-publish","format-standard","has-post-thumbnail","hentry","category-news","category-euro-atlantic-integration"],"acf":[],"yoast_head":"<!-- This site is optimized with the Yoast SEO plugin v23.9 - https:\/\/yoast.com\/wordpress\/plugins\/seo\/ -->\n<title>CEDEM organized a panel discussion in Nik\u0161i\u0107 &quot;Dialogue with citizens: Let&#039;s talk about the facts&quot; - CEDEM<\/title>\n<meta name=\"robots\" content=\"index, follow, max-snippet:-1, max-image-preview:large, max-video-preview:-1\" \/>\n<link rel=\"canonical\" href=\"https:\/\/www.cedem.me\/en\/news\/cedem-organizovao-panel-diskusiju-u-niksicu-dijalog-sa-gradanima-pricajmo-o-cinjenicama\/\" \/>\n<meta property=\"og:locale\" content=\"en_US\" \/>\n<meta property=\"og:type\" content=\"article\" \/>\n<meta property=\"og:title\" content=\"CEDEM organized a panel discussion in Nik\u0161i\u0107 &quot;Dialogue with citizens: Let&#039;s talk about the facts&quot; - CEDEM\" \/>\n<meta property=\"og:description\" content=\"The Center for Democracy and Human Rights (CEDEM) held the second in a series of panel discussions in the municipality of Niksic within the project &#8220;Education and Dialogue to the EU&#8221;, which was financially supported by the Ministry of Public Administration of Montenegro. This panel discussion continued the implementation of the activity &#8220;Dialogue with Citizens: [&hellip;]\" \/>\n<meta property=\"og:url\" content=\"https:\/\/www.cedem.me\/en\/news\/cedem-organizovao-panel-diskusiju-u-niksicu-dijalog-sa-gradanima-pricajmo-o-cinjenicama\/\" \/>\n<meta property=\"og:site_name\" content=\"CEDEM\" \/>\n<meta property=\"article:published_time\" content=\"2019-10-15T09:33:00+00:00\" \/>\n<meta property=\"article:modified_time\" content=\"2022-03-28T10:19:44+00:00\" \/>\n<meta property=\"og:image\" content=\"https:\/\/www.cedem.me\/wp-content\/uploads\/2021\/09\/NK1.jpg\" \/>\n\t<meta property=\"og:image:width\" content=\"1600\" \/>\n\t<meta property=\"og:image:height\" content=\"1200\" \/>\n\t<meta property=\"og:image:type\" content=\"image\/jpeg\" \/>\n<meta name=\"author\" content=\"admin\" \/>\n<meta name=\"twitter:card\" content=\"summary_large_image\" \/>\n<meta name=\"twitter:label1\" content=\"Written by\" \/>\n\t<meta name=\"twitter:data1\" content=\"admin\" \/>\n\t<meta name=\"twitter:label2\" content=\"Est. reading time\" \/>\n\t<meta name=\"twitter:data2\" content=\"3 minutes\" \/>\n<script type=\"application\/ld+json\" class=\"yoast-schema-graph\">{\"@context\":\"https:\/\/schema.org\",\"@graph\":[{\"@type\":\"Article\",\"@id\":\"https:\/\/www.cedem.me\/en\/news\/cedem-organizovao-panel-diskusiju-u-niksicu-dijalog-sa-gradanima-pricajmo-o-cinjenicama\/#article\",\"isPartOf\":{\"@id\":\"https:\/\/www.cedem.me\/en\/news\/cedem-organizovao-panel-diskusiju-u-niksicu-dijalog-sa-gradanima-pricajmo-o-cinjenicama\/\"},\"author\":{\"name\":\"admin\",\"@id\":\"https:\/\/www.cedem.me\/#\/schema\/person\/ae074b6cc011aa533502f357c29f0261\"},\"headline\":\"CEDEM organized a panel discussion in Nik\u0161i\u0107 &#8220;Dialogue with citizens: Let&#8217;s talk about the facts&#8221;\",\"datePublished\":\"2019-10-15T09:33:00+00:00\",\"dateModified\":\"2022-03-28T10:19:44+00:00\",\"mainEntityOfPage\":{\"@id\":\"https:\/\/www.cedem.me\/en\/news\/cedem-organizovao-panel-diskusiju-u-niksicu-dijalog-sa-gradanima-pricajmo-o-cinjenicama\/\"},\"wordCount\":519,\"publisher\":{\"@id\":\"https:\/\/www.cedem.me\/#organization\"},\"image\":{\"@id\":\"https:\/\/www.cedem.me\/en\/news\/cedem-organizovao-panel-diskusiju-u-niksicu-dijalog-sa-gradanima-pricajmo-o-cinjenicama\/#primaryimage\"},\"thumbnailUrl\":\"https:\/\/www.cedem.me\/wp-content\/uploads\/2021\/09\/NK1.jpg\",\"articleSection\":[\"News\",\"News about Euro-Atlantic integration\"],\"inLanguage\":\"en-US\"},{\"@type\":\"WebPage\",\"@id\":\"https:\/\/www.cedem.me\/en\/news\/cedem-organizovao-panel-diskusiju-u-niksicu-dijalog-sa-gradanima-pricajmo-o-cinjenicama\/\",\"url\":\"https:\/\/www.cedem.me\/en\/news\/cedem-organizovao-panel-diskusiju-u-niksicu-dijalog-sa-gradanima-pricajmo-o-cinjenicama\/\",\"name\":\"CEDEM organized a panel discussion in Nik\u0161i\u0107 \\\"Dialogue with citizens: Let's talk about the facts\\\" - CEDEM\",\"isPartOf\":{\"@id\":\"https:\/\/www.cedem.me\/#website\"},\"primaryImageOfPage\":{\"@id\":\"https:\/\/www.cedem.me\/en\/news\/cedem-organizovao-panel-diskusiju-u-niksicu-dijalog-sa-gradanima-pricajmo-o-cinjenicama\/#primaryimage\"},\"image\":{\"@id\":\"https:\/\/www.cedem.me\/en\/news\/cedem-organizovao-panel-diskusiju-u-niksicu-dijalog-sa-gradanima-pricajmo-o-cinjenicama\/#primaryimage\"},\"thumbnailUrl\":\"https:\/\/www.cedem.me\/wp-content\/uploads\/2021\/09\/NK1.jpg\",\"datePublished\":\"2019-10-15T09:33:00+00:00\",\"dateModified\":\"2022-03-28T10:19:44+00:00\",\"breadcrumb\":{\"@id\":\"https:\/\/www.cedem.me\/en\/news\/cedem-organizovao-panel-diskusiju-u-niksicu-dijalog-sa-gradanima-pricajmo-o-cinjenicama\/#breadcrumb\"},\"inLanguage\":\"en-US\",\"potentialAction\":[{\"@type\":\"ReadAction\",\"target\":[\"https:\/\/www.cedem.me\/en\/news\/cedem-organizovao-panel-diskusiju-u-niksicu-dijalog-sa-gradanima-pricajmo-o-cinjenicama\/\"]}]},{\"@type\":\"ImageObject\",\"inLanguage\":\"en-US\",\"@id\":\"https:\/\/www.cedem.me\/en\/news\/cedem-organizovao-panel-diskusiju-u-niksicu-dijalog-sa-gradanima-pricajmo-o-cinjenicama\/#primaryimage\",\"url\":\"https:\/\/www.cedem.me\/wp-content\/uploads\/2021\/09\/NK1.jpg\",\"contentUrl\":\"https:\/\/www.cedem.me\/wp-content\/uploads\/2021\/09\/NK1.jpg\",\"width\":1600,\"height\":1200},{\"@type\":\"BreadcrumbList\",\"@id\":\"https:\/\/www.cedem.me\/en\/news\/cedem-organizovao-panel-diskusiju-u-niksicu-dijalog-sa-gradanima-pricajmo-o-cinjenicama\/#breadcrumb\",\"itemListElement\":[{\"@type\":\"ListItem\",\"position\":1,\"name\":\"Home\",\"item\":\"https:\/\/www.cedem.me\/en\/\"},{\"@type\":\"ListItem\",\"position\":2,\"name\":\"CEDEM organized a panel discussion in Nik\u0161i\u0107 &#8220;Dialogue with citizens: Let&#8217;s talk about the facts&#8221;\"}]},{\"@type\":\"WebSite\",\"@id\":\"https:\/\/www.cedem.me\/#website\",\"url\":\"https:\/\/www.cedem.me\/\",\"name\":\"CEDEM\",\"description\":\"NVO\",\"publisher\":{\"@id\":\"https:\/\/www.cedem.me\/#organization\"},\"potentialAction\":[{\"@type\":\"SearchAction\",\"target\":{\"@type\":\"EntryPoint\",\"urlTemplate\":\"https:\/\/www.cedem.me\/?s={search_term_string}\"},\"query-input\":{\"@type\":\"PropertyValueSpecification\",\"valueRequired\":true,\"valueName\":\"search_term_string\"}}],\"inLanguage\":\"en-US\"},{\"@type\":\"Organization\",\"@id\":\"https:\/\/www.cedem.me\/#organization\",\"name\":\"CEDEM\",\"url\":\"https:\/\/www.cedem.me\/\",\"logo\":{\"@type\":\"ImageObject\",\"inLanguage\":\"en-US\",\"@id\":\"https:\/\/www.cedem.me\/#\/schema\/logo\/image\/\",\"url\":\"https:\/\/www.cedem.me\/wp-content\/uploads\/2022\/08\/CEDEM-logo-color-e1677500681828.png\",\"contentUrl\":\"https:\/\/www.cedem.me\/wp-content\/uploads\/2022\/08\/CEDEM-logo-color-e1677500681828.png\",\"width\":2000,\"height\":741,\"caption\":\"CEDEM\"},\"image\":{\"@id\":\"https:\/\/www.cedem.me\/#\/schema\/logo\/image\/\"}},{\"@type\":\"Person\",\"@id\":\"https:\/\/www.cedem.me\/#\/schema\/person\/ae074b6cc011aa533502f357c29f0261\",\"name\":\"admin\",\"image\":{\"@type\":\"ImageObject\",\"inLanguage\":\"en-US\",\"@id\":\"https:\/\/www.cedem.me\/#\/schema\/person\/image\/\",\"url\":\"https:\/\/secure.gravatar.com\/avatar\/097519bf71c2aa257209c73a8c71329229598f1734827bb07006f7972423e2f9?s=96&d=mm&r=g\",\"contentUrl\":\"https:\/\/secure.gravatar.com\/avatar\/097519bf71c2aa257209c73a8c71329229598f1734827bb07006f7972423e2f9?s=96&d=mm&r=g\",\"caption\":\"admin\"},\"sameAs\":[\"https:\/\/www.cedem.me\"],\"url\":\"https:\/\/www.cedem.me\/en\/author\/admin\/\"}]}<\/script>\n<!-- \/ Yoast SEO plugin. -->","yoast_head_json":{"title":"CEDEM organized a panel discussion in Nik\u0161i\u0107 \"Dialogue with citizens: Let's talk about the facts\" - CEDEM","robots":{"index":"index","follow":"follow","max-snippet":"max-snippet:-1","max-image-preview":"max-image-preview:large","max-video-preview":"max-video-preview:-1"},"canonical":"https:\/\/www.cedem.me\/en\/news\/cedem-organizovao-panel-diskusiju-u-niksicu-dijalog-sa-gradanima-pricajmo-o-cinjenicama\/","og_locale":"en_US","og_type":"article","og_title":"CEDEM organized a panel discussion in Nik\u0161i\u0107 \"Dialogue with citizens: Let's talk about the facts\" - CEDEM","og_description":"The Center for Democracy and Human Rights (CEDEM) held the second in a series of panel discussions in the municipality of Niksic within the project &#8220;Education and Dialogue to the EU&#8221;, which was financially supported by the Ministry of Public Administration of Montenegro. This panel discussion continued the implementation of the activity &#8220;Dialogue with Citizens: [&hellip;]","og_url":"https:\/\/www.cedem.me\/en\/news\/cedem-organizovao-panel-diskusiju-u-niksicu-dijalog-sa-gradanima-pricajmo-o-cinjenicama\/","og_site_name":"CEDEM","article_published_time":"2019-10-15T09:33:00+00:00","article_modified_time":"2022-03-28T10:19:44+00:00","og_image":[{"width":1600,"height":1200,"url":"https:\/\/www.cedem.me\/wp-content\/uploads\/2021\/09\/NK1.jpg","type":"image\/jpeg"}],"author":"admin","twitter_card":"summary_large_image","twitter_misc":{"Written by":"admin","Est. reading time":"3 minutes"},"schema":{"@context":"https:\/\/schema.org","@graph":[{"@type":"Article","@id":"https:\/\/www.cedem.me\/en\/news\/cedem-organizovao-panel-diskusiju-u-niksicu-dijalog-sa-gradanima-pricajmo-o-cinjenicama\/#article","isPartOf":{"@id":"https:\/\/www.cedem.me\/en\/news\/cedem-organizovao-panel-diskusiju-u-niksicu-dijalog-sa-gradanima-pricajmo-o-cinjenicama\/"},"author":{"name":"admin","@id":"https:\/\/www.cedem.me\/#\/schema\/person\/ae074b6cc011aa533502f357c29f0261"},"headline":"CEDEM organized a panel discussion in Nik\u0161i\u0107 &#8220;Dialogue with citizens: Let&#8217;s talk about the facts&#8221;","datePublished":"2019-10-15T09:33:00+00:00","dateModified":"2022-03-28T10:19:44+00:00","mainEntityOfPage":{"@id":"https:\/\/www.cedem.me\/en\/news\/cedem-organizovao-panel-diskusiju-u-niksicu-dijalog-sa-gradanima-pricajmo-o-cinjenicama\/"},"wordCount":519,"publisher":{"@id":"https:\/\/www.cedem.me\/#organization"},"image":{"@id":"https:\/\/www.cedem.me\/en\/news\/cedem-organizovao-panel-diskusiju-u-niksicu-dijalog-sa-gradanima-pricajmo-o-cinjenicama\/#primaryimage"},"thumbnailUrl":"https:\/\/www.cedem.me\/wp-content\/uploads\/2021\/09\/NK1.jpg","articleSection":["News","News about Euro-Atlantic integration"],"inLanguage":"en-US"},{"@type":"WebPage","@id":"https:\/\/www.cedem.me\/en\/news\/cedem-organizovao-panel-diskusiju-u-niksicu-dijalog-sa-gradanima-pricajmo-o-cinjenicama\/","url":"https:\/\/www.cedem.me\/en\/news\/cedem-organizovao-panel-diskusiju-u-niksicu-dijalog-sa-gradanima-pricajmo-o-cinjenicama\/","name":"CEDEM organized a panel discussion in Nik\u0161i\u0107 \"Dialogue with citizens: Let's talk about the facts\" - CEDEM","isPartOf":{"@id":"https:\/\/www.cedem.me\/#website"},"primaryImageOfPage":{"@id":"https:\/\/www.cedem.me\/en\/news\/cedem-organizovao-panel-diskusiju-u-niksicu-dijalog-sa-gradanima-pricajmo-o-cinjenicama\/#primaryimage"},"image":{"@id":"https:\/\/www.cedem.me\/en\/news\/cedem-organizovao-panel-diskusiju-u-niksicu-dijalog-sa-gradanima-pricajmo-o-cinjenicama\/#primaryimage"},"thumbnailUrl":"https:\/\/www.cedem.me\/wp-content\/uploads\/2021\/09\/NK1.jpg","datePublished":"2019-10-15T09:33:00+00:00","dateModified":"2022-03-28T10:19:44+00:00","breadcrumb":{"@id":"https:\/\/www.cedem.me\/en\/news\/cedem-organizovao-panel-diskusiju-u-niksicu-dijalog-sa-gradanima-pricajmo-o-cinjenicama\/#breadcrumb"},"inLanguage":"en-US","potentialAction":[{"@type":"ReadAction","target":["https:\/\/www.cedem.me\/en\/news\/cedem-organizovao-panel-diskusiju-u-niksicu-dijalog-sa-gradanima-pricajmo-o-cinjenicama\/"]}]},{"@type":"ImageObject","inLanguage":"en-US","@id":"https:\/\/www.cedem.me\/en\/news\/cedem-organizovao-panel-diskusiju-u-niksicu-dijalog-sa-gradanima-pricajmo-o-cinjenicama\/#primaryimage","url":"https:\/\/www.cedem.me\/wp-content\/uploads\/2021\/09\/NK1.jpg","contentUrl":"https:\/\/www.cedem.me\/wp-content\/uploads\/2021\/09\/NK1.jpg","width":1600,"height":1200},{"@type":"BreadcrumbList","@id":"https:\/\/www.cedem.me\/en\/news\/cedem-organizovao-panel-diskusiju-u-niksicu-dijalog-sa-gradanima-pricajmo-o-cinjenicama\/#breadcrumb","itemListElement":[{"@type":"ListItem","position":1,"name":"Home","item":"https:\/\/www.cedem.me\/en\/"},{"@type":"ListItem","position":2,"name":"CEDEM organized a panel discussion in Nik\u0161i\u0107 &#8220;Dialogue with citizens: Let&#8217;s talk about the facts&#8221;"}]},{"@type":"WebSite","@id":"https:\/\/www.cedem.me\/#website","url":"https:\/\/www.cedem.me\/","name":"CEDEM","description":"NVO","publisher":{"@id":"https:\/\/www.cedem.me\/#organization"},"potentialAction":[{"@type":"SearchAction","target":{"@type":"EntryPoint","urlTemplate":"https:\/\/www.cedem.me\/?s={search_term_string}"},"query-input":{"@type":"PropertyValueSpecification","valueRequired":true,"valueName":"search_term_string"}}],"inLanguage":"en-US"},{"@type":"Organization","@id":"https:\/\/www.cedem.me\/#organization","name":"CEDEM","url":"https:\/\/www.cedem.me\/","logo":{"@type":"ImageObject","inLanguage":"en-US","@id":"https:\/\/www.cedem.me\/#\/schema\/logo\/image\/","url":"https:\/\/www.cedem.me\/wp-content\/uploads\/2022\/08\/CEDEM-logo-color-e1677500681828.png","contentUrl":"https:\/\/www.cedem.me\/wp-content\/uploads\/2022\/08\/CEDEM-logo-color-e1677500681828.png","width":2000,"height":741,"caption":"CEDEM"},"image":{"@id":"https:\/\/www.cedem.me\/#\/schema\/logo\/image\/"}},{"@type":"Person","@id":"https:\/\/www.cedem.me\/#\/schema\/person\/ae074b6cc011aa533502f357c29f0261","name":"admin","image":{"@type":"ImageObject","inLanguage":"en-US","@id":"https:\/\/www.cedem.me\/#\/schema\/person\/image\/","url":"https:\/\/secure.gravatar.com\/avatar\/097519bf71c2aa257209c73a8c71329229598f1734827bb07006f7972423e2f9?s=96&d=mm&r=g","contentUrl":"https:\/\/secure.gravatar.com\/avatar\/097519bf71c2aa257209c73a8c71329229598f1734827bb07006f7972423e2f9?s=96&d=mm&r=g","caption":"admin"},"sameAs":["https:\/\/www.cedem.me"],"url":"https:\/\/www.cedem.me\/en\/author\/admin\/"}]}},"_links":{"self":[{"href":"https:\/\/www.cedem.me\/en\/wp-json\/wp\/v2\/posts\/8865","targetHints":{"allow":["GET"]}}],"collection":[{"href":"https:\/\/www.cedem.me\/en\/wp-json\/wp\/v2\/posts"}],"about":[{"href":"https:\/\/www.cedem.me\/en\/wp-json\/wp\/v2\/types\/post"}],"author":[{"embeddable":true,"href":"https:\/\/www.cedem.me\/en\/wp-json\/wp\/v2\/users\/1"}],"replies":[{"embeddable":true,"href":"https:\/\/www.cedem.me\/en\/wp-json\/wp\/v2\/comments?post=8865"}],"version-history":[{"count":2,"href":"https:\/\/www.cedem.me\/en\/wp-json\/wp\/v2\/posts\/8865\/revisions"}],"predecessor-version":[{"id":15587,"href":"https:\/\/www.cedem.me\/en\/wp-json\/wp\/v2\/posts\/8865\/revisions\/15587"}],"wp:featuredmedia":[{"embeddable":true,"href":"https:\/\/www.cedem.me\/en\/wp-json\/wp\/v2\/media\/8866"}],"wp:attachment":[{"href":"https:\/\/www.cedem.me\/en\/wp-json\/wp\/v2\/media?parent=8865"}],"wp:term":[{"taxonomy":"category","embeddable":true,"href":"https:\/\/www.cedem.me\/en\/wp-json\/wp\/v2\/categories?post=8865"},{"taxonomy":"post_tag","embeddable":true,"href":"https:\/\/www.cedem.me\/en\/wp-json\/wp\/v2\/tags?post=8865"}],"curies":[{"name":"wp","href":"https:\/\/api.w.org\/{rel}","templated":true}]}}